{"id":4448,"date":"2023-11-20T15:35:07","date_gmt":"2023-11-20T15:35:07","guid":{"rendered":"http:\/\/berns.se\/?post_type=news&#038;p=4448"},"modified":"2024-08-30T08:21:31","modified_gmt":"2024-08-30T08:21:31","slug":"the-berns-prize-to-wera-von-essen","status":"publish","type":"news","link":"https:\/\/berns.se\/sv\/nyheter\/the-berns-prize-to-wera-von-essen\/","title":{"rendered":"Bernspriset till Wera Von Essen"},"content":{"rendered":"<p>F\u00f6rfattaren Wera von Essen tilldelas Bernspriset 2022 f\u00f6r att med ett s\u00e4rpr\u00e4glat litter\u00e4rt tonfall ha skrivit fram ett Stockholm p\u00e5 avigan. Hos von Essen m\u00f6ter vi ett bedagat \u00d6stermalm men ocks\u00e5 en utkantsstad med motorv\u00e4gshotell och sv\u00e5r\u00e5tkomliga f\u00f6rorter. I den disparata storstaden \u00f6ppnas ett kosmopolitiskt f\u00f6nster genom att luft fr\u00e5n andra internationella horisonter sl\u00e4pps in \u2013 inte minst Brasilien \u2013 och bland annat p\u00e5 den v\u00e4gen har von Essens sj\u00e4lvst\u00e4ndigt spirande f\u00f6rfattarskap kommit att levandeg\u00f6ra en katolsk livssyn i en Stockholmsk verklighet<\/p>\n<p>\u2013 Jag k\u00e4nner mig hedrad, s\u00e4ger Wera von Essen. Stockholm har betytt mycket f\u00f6r mitt skrivande, som en sorts alkemi, att f\u00e5 platsen som s\u00e5rar en att blomma. Att insistera p\u00e5 hj\u00e4rtats plats i det h\u00e5rda. Och att dela utrymme och villkor med andra m\u00e4nniskor, historiskt och som ett tidsdokument.<\/p>\n<p>Bernspriset\u00a0eller\u00a0Bernsstipendiet\u00a0\u00e4r ett \u00e5rligt pris som sedan 1966 utdelas av\u00a0Svenska PEN\u00a0till en f\u00f6rfattare, journalist eller fotograf som \u201dl\u00e4mnat ett v\u00e4rdefullt bidrag till skildringen av\u00a0Stockholms\u00a0kultur och natur, dess institutioner och dess utveckling eller Stockholmslivet i andra former\u201d.<\/p>\n<p>Priset instiftades 1963 av poeten\u00a0Johannes Edfelt\u00a0och hans bror Arne Edfelt, som d\u00e5 drev Berns, i samband med\u00a0Berns salongers\u00a0100-\u00e5rsjubileum. Pristagaren utses av Svenska PEN:s styrelse och delas ut i samarbete med Berns.<\/p>\n<p>Presskontakt:<br \/>\nJesper Bengtsson, ordf\u00f6rande Svenska PEN<br \/>\nTelefon: 070 268 25 29<br \/>\nE-post:\u00a0<a href=\"mailto:je**************@********en.se\" data-original-string=\"Gt7yWZJJxnYXUQT9wEgTpg==463KE1q8PLGmzcxaqeIyMkLyAH946s\/gCarsL8ccontedg=\" title=\"This contact has been encoded by Anti-Spam by CleanTalk. Click to decode. To finish the decoding make sure that JavaScript is enabled in your browser.\"><span \n                data-original-string='2mcx\/w6d435G4CZz3joP6A==463k7VPtnX90Q3sl2s0QJNpUvG1Zt7nOWcPLpXKmUjguHY='\n                class='apbct-email-encoder'\n                title='This contact has been encoded by Anti-Spam by CleanTalk. Click to decode. To finish the decoding make sure that JavaScript is enabled in your browser.'>je<span class=\"apbct-blur\">**************<\/span>@<span class=\"apbct-blur\">********<\/span>en.se<\/span><\/a><\/p>\n","protected":false},"featured_media":2820,"template":"","class_list":["post-4448","news","type-news","status-publish","has-post-thumbnail","hentry"],"acf":[],"_links":{"self":[{"href":"https:\/\/berns.se\/sv\/wp-json\/wp\/v2\/news\/4448","targetHints":{"allow":["GET"]}}],"collection":[{"href":"https:\/\/berns.se\/sv\/wp-json\/wp\/v2\/news"}],"about":[{"href":"https:\/\/berns.se\/sv\/wp-json\/wp\/v2\/types\/news"}],"version-history":[{"count":1,"href":"https:\/\/berns.se\/sv\/wp-json\/wp\/v2\/news\/4448\/revisions"}],"predecessor-version":[{"id":6862,"href":"https:\/\/berns.se\/sv\/wp-json\/wp\/v2\/news\/4448\/revisions\/6862"}],"wp:featuredmedia":[{"embeddable":true,"href":"https:\/\/berns.se\/sv\/wp-json\/wp\/v2\/media\/2820"}],"wp:attachment":[{"href":"https:\/\/berns.se\/sv\/wp-json\/wp\/v2\/media?parent=4448"}],"curies":[{"name":"wp","href":"https:\/\/api.w.org\/{rel}","templated":true}]}}