{"id":5342,"date":"2024-01-17T10:52:05","date_gmt":"2024-01-17T10:52:05","guid":{"rendered":"http:\/\/berns.se\/?post_type=news&#038;p=5342"},"modified":"2024-08-30T12:47:26","modified_gmt":"2024-08-30T12:47:26","slug":"fadimegalan","status":"publish","type":"news","link":"https:\/\/berns.se\/sv\/nyheter\/fadimegalan\/","title":{"rendered":"Fadimegalan"},"content":{"rendered":"<p>F\u00f6r 12e \u00e5ret i rad anordnades Fadimegalan p\u00e5 Berns. \u00c5rets tema p\u00e5 galan var \u201dDe bortf\u00f6rda &amp; bortgl\u00f6mda barnen\u201d.<\/p>\n<p>\u201dMinst 538 bortf\u00f6rda barn och unga under de senaste fem \u00e5ren. S\u00e5 m\u00e5nga barn har rapporterats som bortf\u00f6rda fr\u00e5n landet som kan kopplas till hedersnormer. M\u00f6rkertalet befaras vara \u00e4nnu st\u00f6rre d\u00e5 det idag saknas ett nationellt register. Det g\u00e4ller barn och ungdomar som \u00e4r f\u00f6dda i Sverige, men som ber\u00f6vas sina r\u00e4ttigheter till skolg\u00e5ng och frihet i samband med bortf\u00f6randet.\u201d (ur GAPF). Galan g\u00e4stades \u00e4ven p\u00e5 scenen av artister som Sanna Nielsen, Winona Oak, Martin Almgren, Kani som blev kompad av Janne Schaffer &amp; komikern Zinat Pirzadeh.<\/p>\n<p>Det \u00e4r ett event som vi p\u00e5 Berns \u00e4r stolta \u00f6ver att f\u00e5 ha \u00e5terkommande hos oss, som belyser ett viktigt \u00e4mne. Vill du veta mer och hur du kan bidra och st\u00f6jda deras organisation s\u00e5 kan du f\u00f6lja l\u00e4nken nedan.<\/p>\n","protected":false},"featured_media":5344,"template":"","class_list":["post-5342","news","type-news","status-publish","has-post-thumbnail","hentry"],"acf":[],"_links":{"self":[{"href":"https:\/\/berns.se\/sv\/wp-json\/wp\/v2\/news\/5342","targetHints":{"allow":["GET"]}}],"collection":[{"href":"https:\/\/berns.se\/sv\/wp-json\/wp\/v2\/news"}],"about":[{"href":"https:\/\/berns.se\/sv\/wp-json\/wp\/v2\/types\/news"}],"version-history":[{"count":1,"href":"https:\/\/berns.se\/sv\/wp-json\/wp\/v2\/news\/5342\/revisions"}],"predecessor-version":[{"id":6880,"href":"https:\/\/berns.se\/sv\/wp-json\/wp\/v2\/news\/5342\/revisions\/6880"}],"wp:featuredmedia":[{"embeddable":true,"href":"https:\/\/berns.se\/sv\/wp-json\/wp\/v2\/media\/5344"}],"wp:attachment":[{"href":"https:\/\/berns.se\/sv\/wp-json\/wp\/v2\/media?parent=5342"}],"curies":[{"name":"wp","href":"https:\/\/api.w.org\/{rel}","templated":true}]}}