{"id":5693,"date":"2024-02-17T09:03:30","date_gmt":"2024-02-17T09:03:30","guid":{"rendered":"http:\/\/berns.se\/news\/friidrottsgalan\/"},"modified":"2024-08-30T09:09:09","modified_gmt":"2024-08-30T09:09:09","slug":"friidrottsgalan","status":"publish","type":"news","link":"https:\/\/berns.se\/sv\/nyheter\/friidrottsgalan\/","title":{"rendered":"Friidrottsgalan"},"content":{"rendered":"<p>Den 24 januari anordnades den \u00e5rliga Friidrottsgalan hos oss p\u00e5 Berns. En prestigefylld gala som vi var glada att v\u00e4lkomna till oss. Under galans g\u00e5ng prisades n\u00e5gra av v\u00e5ra hj\u00e4ltar, bland annat Daniel St\u00e5hl och Tova Alexandersson i kategorin \u00e5rets prestation i landslaget herr och dam. \u00c5rets hederspris gick till Arne Ljungqvist som \u00e4r sj\u00e4lv en gammal h\u00f6jdhoppare och var med och grundade Idrottsgalan som s\u00e4nds live varje \u00e5r p\u00e5 Globen\/Avicii arena.<\/p>\n","protected":false},"featured_media":5689,"template":"","class_list":["post-5693","news","type-news","status-publish","has-post-thumbnail","hentry"],"acf":[],"_links":{"self":[{"href":"https:\/\/berns.se\/sv\/wp-json\/wp\/v2\/news\/5693","targetHints":{"allow":["GET"]}}],"collection":[{"href":"https:\/\/berns.se\/sv\/wp-json\/wp\/v2\/news"}],"about":[{"href":"https:\/\/berns.se\/sv\/wp-json\/wp\/v2\/types\/news"}],"version-history":[{"count":1,"href":"https:\/\/berns.se\/sv\/wp-json\/wp\/v2\/news\/5693\/revisions"}],"predecessor-version":[{"id":6872,"href":"https:\/\/berns.se\/sv\/wp-json\/wp\/v2\/news\/5693\/revisions\/6872"}],"wp:featuredmedia":[{"embeddable":true,"href":"https:\/\/berns.se\/sv\/wp-json\/wp\/v2\/media\/5689"}],"wp:attachment":[{"href":"https:\/\/berns.se\/sv\/wp-json\/wp\/v2\/media?parent=5693"}],"curies":[{"name":"wp","href":"https:\/\/api.w.org\/{rel}","templated":true}]}}